{"id":334,"date":"2025-11-18T16:08:32","date_gmt":"2025-11-18T13:08:32","guid":{"rendered":"https:\/\/fuarhaber.online\/?p=334"},"modified":"2025-11-18T16:08:35","modified_gmt":"2025-11-18T13:08:35","slug":"kocaeli-bilisim-fuari-21-23-kasimda-yapay-zeka-temasiyla-basliyor","status":"publish","type":"post","link":"https:\/\/fuarhaber.online\/en\/kocaeli-bilisim-fuari-21-23-kasimda-yapay-zeka-temasiyla-basliyor\/","title":{"rendered":"Kocaeli Bili\u015fim Fuar\u0131, 21\u201323 Kas\u0131m\u2019da \u201cYapay Zeka\u201d Temas\u0131yla Ba\u015fl\u0131yor"},"content":{"rendered":"<p>Kocaeli Bili\u015fim Fuar\u0131, bu y\u0131l 21\u201323 Kas\u0131m tarihlerinde 95 firman\u0131n kat\u0131l\u0131m\u0131yla d\u00fczenlenecek. \u015eehirde ilk kez 5G deneyiminin sunulaca\u011f\u0131 fuarda 45 oturum, 124 konu\u015fmac\u0131 ve gen\u00e7 giri\u015fimcilerin projeleri yer alacak.<\/p>\n\n\n\n<p>Kocaeli, Kas\u0131m ay\u0131nda teknoloji d\u00fcnyas\u0131n\u0131n \u00f6nemli bulu\u015fmalar\u0131ndan birine ev sahipli\u011fi yapmaya haz\u0131rlan\u0131yor. Bu y\u0131l \u201cYapay Zeka\u201d temas\u0131yla d\u00fczenlenecek <strong>Kocaeli Bili\u015fim Fuar\u0131<\/strong>, 21\u201323 Kas\u0131m tarihlerinde Kocaeli Kongre Merkezi\u2019nde kap\u0131lar\u0131n\u0131 a\u00e7acak.<\/p>\n\n\n\n<p>Bu y\u0131l geni\u015f bir kurumsal i\u015f birli\u011fi \u00e7er\u00e7evesinde ger\u00e7ekle\u015ftirilecek Kocaeli Bili\u015fim Fuar\u0131; bili\u015fim, sanayi, e\u011fitim, ak\u0131ll\u0131 \u015fehircilik, siber g\u00fcvenlik ve hukuk gibi ba\u015fl\u0131klarda sekt\u00f6r profesyonellerini bir araya getirecek. Fuar kapsam\u0131nda <strong>95 ulusal ve uluslararas\u0131 firma<\/strong> stant a\u00e7acak.<\/p>\n\n\n\n<p>Program boyunca <strong>45 ayr\u0131 oturum<\/strong> d\u00fczenlenecek ve <strong>124 uzman konu\u015fmac\u0131<\/strong> \u00e7e\u015fitli alanlarda bilgi ve deneyimlerini payla\u015facak. Oturumlardan elde edilen \u00e7\u0131kt\u0131lar fuar sonras\u0131nda kitapla\u015ft\u0131r\u0131larak sekt\u00f6re kal\u0131c\u0131 bir kaynak sunulacak.<\/p>\n\n\n\n<h2 class=\"wp-block-heading\">Kocaeli\u2019de \u0130lk Kez 5G Deneyimi<\/h2>\n\n\n\n<p>Fuar\u0131n dikkat \u00e7eken yeniliklerinden biri, operat\u00f6rlerin deste\u011fiyle \u015fehirde ilk kez <strong>5G teknolojisinin halka a\u00e7\u0131k \u015fekilde deneyimlenmesi<\/strong> olacak. Ziyaret\u00e7iler, yeni nesil ba\u011flant\u0131 teknolojilerinin sundu\u011fu h\u0131z ve kapasiteyi fuar alan\u0131nda test etme f\u0131rsat\u0131 bulacak.<\/p>\n\n\n\n<h3 class=\"wp-block-heading\">Gen\u00e7ler ve Startuplar Sahnede<\/h3>\n\n\n\n<p>Fuar, giri\u015fimciler ve yat\u0131r\u0131mc\u0131lar\u0131 bir araya getiren \u00f6zel alanlar\u0131yla da \u00f6ne \u00e7\u0131kacak. Startup Zone\u2019da yer alacak yenilik\u00e7i giri\u015fimler projelerini tan\u0131tacak; ayr\u0131ca Teknofest, NASA ve di\u011fer uluslararas\u0131 yar\u0131\u015fmalarda dereceye giren gen\u00e7ler, \u00e7al\u0131\u015fmalar\u0131n\u0131 ziyaret\u00e7ilere sunacak.<\/p>\n\n\n\n<p>Ge\u00e7ti\u011fimiz y\u0131l 30 bini a\u015fk\u0131n ziyaret\u00e7iyi a\u011f\u0131rlayan fuar\u0131n, bu y\u0131l hem i\u00e7erik \u00e7e\u015fitlili\u011fi hem de teknoloji deneyim alanlar\u0131yla daha geni\u015f bir kitle taraf\u0131ndan takip edilmesi bekleniyor.<\/p>\n\n\n\n<p>Kocaeli Bili\u015fim Fuar\u0131, b\u00f6lgenin dijital d\u00f6n\u00fc\u015f\u00fcm vizyonuna katk\u0131 sunmay\u0131 ve yerel teknoloji ekosistemini ulusal d\u00fczeyde g\u00f6r\u00fcn\u00fcr k\u0131lmay\u0131 hedefliyor.<\/p>\n\n\n\n<p><strong>FUAR HABER ONLINE<\/strong><\/p>","protected":false},"excerpt":{"rendered":"<p>Kocaeli Bili\u015fim Fuar\u0131, bu y\u0131l 21\u201323 Kas\u0131m tarihlerinde 95 firman\u0131n kat\u0131l\u0131m\u0131yla d\u00fczenlenecek. \u015eehirde ilk kez 5G deneyiminin sunulaca\u011f\u0131 fuarda 45 oturum, 124 konu\u015fmac\u0131 ve gen\u00e7 giri\u015fimcilerin projeleri yer alacak. Kocaeli, Kas\u0131m ay\u0131nda teknoloji d\u00fcnyas\u0131n\u0131n \u00f6nemli bulu\u015fmalar\u0131ndan birine ev sahipli\u011fi yapmaya haz\u0131rlan\u0131yor. Bu y\u0131l \u201cYapay Zeka\u201d temas\u0131yla d\u00fczenlenecek Kocaeli Bili\u015fim Fuar\u0131, 21\u201323 Kas\u0131m tarihlerinde Kocaeli Kongre [&hellip;]<\/p>\n","protected":false},"author":1,"featured_media":335,"comment_status":"open","ping_status":"open","sticky":false,"template":"","format":"standard","meta":{"footnotes":""},"categories":[1,2],"tags":[],"class_list":["post-334","post","type-post","status-publish","format-standard","has-post-thumbnail","hentry","category-fuar-haberleri","category-yurtici-fuarlar"],"yoast_head":"<!-- This site is optimized with the Yoast SEO plugin v27.5 - https:\/\/yoast.com\/product\/yoast-seo-wordpress\/ -->\n<title>Kocaeli Bili\u015fim Fuar\u0131 2025: 95 Firma ile Kap\u0131lar\u0131n\u0131 A\u00e7\u0131yor<\/title>\n<meta name=\"description\" content=\"Kocaeli Bili\u015fim Fuar\u0131, 2025 y\u0131l\u0131nda 21-23 Kas\u0131m tarihlerinde d\u00fczenlenecek. \u015eehirde ilk kez 5G teknolojisi deneyimlenecek.\" \/>\n<meta name=\"robots\" content=\"index, follow, max-snippet:-1, max-image-preview:large, max-video-preview:-1\" \/>\n<link rel=\"canonical\" href=\"https:\/\/fuarhaber.online\/en\/kocaeli-bilisim-fuari-21-23-kasimda-yapay-zeka-temasiyla-basliyor\/\" \/>\n<meta property=\"og:locale\" content=\"en_US\" \/>\n<meta property=\"og:type\" content=\"article\" \/>\n<meta property=\"og:title\" content=\"Kocaeli Bili\u015fim Fuar\u0131 2025: 95 Firma ile Kap\u0131lar\u0131n\u0131 A\u00e7\u0131yor\" \/>\n<meta property=\"og:description\" content=\"Kocaeli Bili\u015fim Fuar\u0131, 2025 y\u0131l\u0131nda 21-23 Kas\u0131m tarihlerinde d\u00fczenlenecek. \u015eehirde ilk kez 5G teknolojisi deneyimlenecek.\" \/>\n<meta property=\"og:url\" content=\"https:\/\/fuarhaber.online\/en\/kocaeli-bilisim-fuari-21-23-kasimda-yapay-zeka-temasiyla-basliyor\/\" \/>\n<meta property=\"og:site_name\" content=\"Fuar Haber\" \/>\n<meta property=\"article:published_time\" content=\"2025-11-18T13:08:32+00:00\" \/>\n<meta property=\"article:modified_time\" content=\"2025-11-18T13:08:35+00:00\" \/>\n<meta property=\"og:image\" content=\"https:\/\/fuarhaber.online\/wp-content\/uploads\/2025\/11\/kocaeli-bilisim-fuari-2025.webp\" \/>\n\t<meta property=\"og:image:width\" content=\"1200\" \/>\n\t<meta property=\"og:image:height\" content=\"720\" \/>\n\t<meta property=\"og:image:type\" content=\"image\/webp\" \/>\n<meta name=\"author\" content=\"admin\" \/>\n<meta name=\"twitter:card\" content=\"summary_large_image\" \/>\n<meta name=\"twitter:label1\" content=\"Written by\" \/>\n\t<meta name=\"twitter:data1\" content=\"admin\" \/>\n\t<meta name=\"twitter:label2\" content=\"Est. reading time\" \/>\n\t<meta name=\"twitter:data2\" content=\"2 minutes\" \/>\n<script type=\"application\/ld+json\" class=\"yoast-schema-graph\">{\"@context\":\"https:\\\/\\\/schema.org\",\"@graph\":[{\"@type\":\"NewsArticle\",\"@id\":\"https:\\\/\\\/fuarhaber.online\\\/kocaeli-bilisim-fuari-21-23-kasimda-yapay-zeka-temasiyla-basliyor\\\/#article\",\"isPartOf\":{\"@id\":\"https:\\\/\\\/fuarhaber.online\\\/kocaeli-bilisim-fuari-21-23-kasimda-yapay-zeka-temasiyla-basliyor\\\/\"},\"author\":{\"name\":\"admin\",\"@id\":\"https:\\\/\\\/fuarhaber.online\\\/#\\\/schema\\\/person\\\/f26d56ae185f63cce0ec5bec50597984\"},\"headline\":\"Kocaeli Bili\u015fim Fuar\u0131, 21\u201323 Kas\u0131m\u2019da \u201cYapay Zeka\u201d Temas\u0131yla Ba\u015fl\u0131yor\",\"datePublished\":\"2025-11-18T13:08:32+00:00\",\"dateModified\":\"2025-11-18T13:08:35+00:00\",\"mainEntityOfPage\":{\"@id\":\"https:\\\/\\\/fuarhaber.online\\\/kocaeli-bilisim-fuari-21-23-kasimda-yapay-zeka-temasiyla-basliyor\\\/\"},\"wordCount\":355,\"commentCount\":0,\"publisher\":{\"@id\":\"https:\\\/\\\/fuarhaber.online\\\/#organization\"},\"image\":{\"@id\":\"https:\\\/\\\/fuarhaber.online\\\/kocaeli-bilisim-fuari-21-23-kasimda-yapay-zeka-temasiyla-basliyor\\\/#primaryimage\"},\"thumbnailUrl\":\"https:\\\/\\\/fuarhaber.online\\\/wp-content\\\/uploads\\\/2025\\\/11\\\/kocaeli-bilisim-fuari-2025.webp\",\"articleSection\":[\"Fuar Haberleri\",\"Yurti\u00e7i Fuarlar\"],\"inLanguage\":\"en-US\",\"potentialAction\":[{\"@type\":\"CommentAction\",\"name\":\"Comment\",\"target\":[\"https:\\\/\\\/fuarhaber.online\\\/kocaeli-bilisim-fuari-21-23-kasimda-yapay-zeka-temasiyla-basliyor\\\/#respond\"]}]},{\"@type\":\"WebPage\",\"@id\":\"https:\\\/\\\/fuarhaber.online\\\/kocaeli-bilisim-fuari-21-23-kasimda-yapay-zeka-temasiyla-basliyor\\\/\",\"url\":\"https:\\\/\\\/fuarhaber.online\\\/kocaeli-bilisim-fuari-21-23-kasimda-yapay-zeka-temasiyla-basliyor\\\/\",\"name\":\"Kocaeli Bili\u015fim Fuar\u0131 2025: 95 Firma ile Kap\u0131lar\u0131n\u0131 A\u00e7\u0131yor\",\"isPartOf\":{\"@id\":\"https:\\\/\\\/fuarhaber.online\\\/#website\"},\"primaryImageOfPage\":{\"@id\":\"https:\\\/\\\/fuarhaber.online\\\/kocaeli-bilisim-fuari-21-23-kasimda-yapay-zeka-temasiyla-basliyor\\\/#primaryimage\"},\"image\":{\"@id\":\"https:\\\/\\\/fuarhaber.online\\\/kocaeli-bilisim-fuari-21-23-kasimda-yapay-zeka-temasiyla-basliyor\\\/#primaryimage\"},\"thumbnailUrl\":\"https:\\\/\\\/fuarhaber.online\\\/wp-content\\\/uploads\\\/2025\\\/11\\\/kocaeli-bilisim-fuari-2025.webp\",\"datePublished\":\"2025-11-18T13:08:32+00:00\",\"dateModified\":\"2025-11-18T13:08:35+00:00\",\"description\":\"Kocaeli Bili\u015fim Fuar\u0131, 2025 y\u0131l\u0131nda 21-23 Kas\u0131m tarihlerinde d\u00fczenlenecek. \u015eehirde ilk kez 5G teknolojisi deneyimlenecek.\",\"breadcrumb\":{\"@id\":\"https:\\\/\\\/fuarhaber.online\\\/kocaeli-bilisim-fuari-21-23-kasimda-yapay-zeka-temasiyla-basliyor\\\/#breadcrumb\"},\"inLanguage\":\"en-US\",\"potentialAction\":[{\"@type\":\"ReadAction\",\"target\":[\"https:\\\/\\\/fuarhaber.online\\\/kocaeli-bilisim-fuari-21-23-kasimda-yapay-zeka-temasiyla-basliyor\\\/\"]}]},{\"@type\":\"ImageObject\",\"inLanguage\":\"en-US\",\"@id\":\"https:\\\/\\\/fuarhaber.online\\\/kocaeli-bilisim-fuari-21-23-kasimda-yapay-zeka-temasiyla-basliyor\\\/#primaryimage\",\"url\":\"https:\\\/\\\/fuarhaber.online\\\/wp-content\\\/uploads\\\/2025\\\/11\\\/kocaeli-bilisim-fuari-2025.webp\",\"contentUrl\":\"https:\\\/\\\/fuarhaber.online\\\/wp-content\\\/uploads\\\/2025\\\/11\\\/kocaeli-bilisim-fuari-2025.webp\",\"width\":1200,\"height\":720,\"caption\":\"Kocaeli Bili\u015fim Fuar\u0131 2025 y\u0131l\u0131nda 5G teknolojisine ev sahipli\u011fi yapacak.\"},{\"@type\":\"BreadcrumbList\",\"@id\":\"https:\\\/\\\/fuarhaber.online\\\/kocaeli-bilisim-fuari-21-23-kasimda-yapay-zeka-temasiyla-basliyor\\\/#breadcrumb\",\"itemListElement\":[{\"@type\":\"ListItem\",\"position\":1,\"name\":\"Anasayfa\",\"item\":\"https:\\\/\\\/fuarhaber.online\\\/\"},{\"@type\":\"ListItem\",\"position\":2,\"name\":\"Kocaeli Bili\u015fim Fuar\u0131, 21\u201323 Kas\u0131m\u2019da \u201cYapay Zeka\u201d Temas\u0131yla Ba\u015fl\u0131yor\"}]},{\"@type\":\"WebSite\",\"@id\":\"https:\\\/\\\/fuarhaber.online\\\/#website\",\"url\":\"https:\\\/\\\/fuarhaber.online\\\/\",\"name\":\"Fuar Haber\",\"description\":\"T\u00fcrkiye ve D\u00fcnyadan Fuar Haberleri\",\"publisher\":{\"@id\":\"https:\\\/\\\/fuarhaber.online\\\/#organization\"},\"potentialAction\":[{\"@type\":\"SearchAction\",\"target\":{\"@type\":\"EntryPoint\",\"urlTemplate\":\"https:\\\/\\\/fuarhaber.online\\\/?s={search_term_string}\"},\"query-input\":{\"@type\":\"PropertyValueSpecification\",\"valueRequired\":true,\"valueName\":\"search_term_string\"}}],\"inLanguage\":\"en-US\"},{\"@type\":\"Organization\",\"@id\":\"https:\\\/\\\/fuarhaber.online\\\/#organization\",\"name\":\"Fuar Haber\",\"url\":\"https:\\\/\\\/fuarhaber.online\\\/\",\"logo\":{\"@type\":\"ImageObject\",\"inLanguage\":\"en-US\",\"@id\":\"https:\\\/\\\/fuarhaber.online\\\/#\\\/schema\\\/logo\\\/image\\\/\",\"url\":\"https:\\\/\\\/fuarhaber.online\\\/wp-content\\\/uploads\\\/2025\\\/06\\\/fuarhaber-logo.webp\",\"contentUrl\":\"https:\\\/\\\/fuarhaber.online\\\/wp-content\\\/uploads\\\/2025\\\/06\\\/fuarhaber-logo.webp\",\"width\":696,\"height\":696,\"caption\":\"Fuar Haber\"},\"image\":{\"@id\":\"https:\\\/\\\/fuarhaber.online\\\/#\\\/schema\\\/logo\\\/image\\\/\"}},{\"@type\":\"Person\",\"@id\":\"https:\\\/\\\/fuarhaber.online\\\/#\\\/schema\\\/person\\\/f26d56ae185f63cce0ec5bec50597984\",\"name\":\"admin\",\"image\":{\"@type\":\"ImageObject\",\"inLanguage\":\"en-US\",\"@id\":\"https:\\\/\\\/secure.gravatar.com\\\/avatar\\\/d5d443df2bf415262c73aa08eee07f704b75e0c58db8037ab36a5fefd5c893cf?s=96&d=mm&r=g\",\"url\":\"https:\\\/\\\/secure.gravatar.com\\\/avatar\\\/d5d443df2bf415262c73aa08eee07f704b75e0c58db8037ab36a5fefd5c893cf?s=96&d=mm&r=g\",\"contentUrl\":\"https:\\\/\\\/secure.gravatar.com\\\/avatar\\\/d5d443df2bf415262c73aa08eee07f704b75e0c58db8037ab36a5fefd5c893cf?s=96&d=mm&r=g\",\"caption\":\"admin\"},\"sameAs\":[\"https:\\\/\\\/fuarhaber.online\"],\"url\":\"https:\\\/\\\/fuarhaber.online\\\/en\\\/author\\\/259164pwpadmin\\\/\"}]}<\/script>\n<!-- \/ Yoast SEO plugin. -->","yoast_head_json":{"title":"Kocaeli Bili\u015fim Fuar\u0131 2025: 95 Firma ile Kap\u0131lar\u0131n\u0131 A\u00e7\u0131yor","description":"Kocaeli Bili\u015fim Fuar\u0131, 2025 y\u0131l\u0131nda 21-23 Kas\u0131m tarihlerinde d\u00fczenlenecek. \u015eehirde ilk kez 5G teknolojisi deneyimlenecek.","robots":{"index":"index","follow":"follow","max-snippet":"max-snippet:-1","max-image-preview":"max-image-preview:large","max-video-preview":"max-video-preview:-1"},"canonical":"https:\/\/fuarhaber.online\/en\/kocaeli-bilisim-fuari-21-23-kasimda-yapay-zeka-temasiyla-basliyor\/","og_locale":"en_US","og_type":"article","og_title":"Kocaeli Bili\u015fim Fuar\u0131 2025: 95 Firma ile Kap\u0131lar\u0131n\u0131 A\u00e7\u0131yor","og_description":"Kocaeli Bili\u015fim Fuar\u0131, 2025 y\u0131l\u0131nda 21-23 Kas\u0131m tarihlerinde d\u00fczenlenecek. \u015eehirde ilk kez 5G teknolojisi deneyimlenecek.","og_url":"https:\/\/fuarhaber.online\/en\/kocaeli-bilisim-fuari-21-23-kasimda-yapay-zeka-temasiyla-basliyor\/","og_site_name":"Fuar Haber","article_published_time":"2025-11-18T13:08:32+00:00","article_modified_time":"2025-11-18T13:08:35+00:00","og_image":[{"width":1200,"height":720,"url":"https:\/\/fuarhaber.online\/wp-content\/uploads\/2025\/11\/kocaeli-bilisim-fuari-2025.webp","type":"image\/webp"}],"author":"admin","twitter_card":"summary_large_image","twitter_misc":{"Written by":"admin","Est. reading time":"2 minutes"},"schema":{"@context":"https:\/\/schema.org","@graph":[{"@type":"NewsArticle","@id":"https:\/\/fuarhaber.online\/kocaeli-bilisim-fuari-21-23-kasimda-yapay-zeka-temasiyla-basliyor\/#article","isPartOf":{"@id":"https:\/\/fuarhaber.online\/kocaeli-bilisim-fuari-21-23-kasimda-yapay-zeka-temasiyla-basliyor\/"},"author":{"name":"admin","@id":"https:\/\/fuarhaber.online\/#\/schema\/person\/f26d56ae185f63cce0ec5bec50597984"},"headline":"Kocaeli Bili\u015fim Fuar\u0131, 21\u201323 Kas\u0131m\u2019da \u201cYapay Zeka\u201d Temas\u0131yla Ba\u015fl\u0131yor","datePublished":"2025-11-18T13:08:32+00:00","dateModified":"2025-11-18T13:08:35+00:00","mainEntityOfPage":{"@id":"https:\/\/fuarhaber.online\/kocaeli-bilisim-fuari-21-23-kasimda-yapay-zeka-temasiyla-basliyor\/"},"wordCount":355,"commentCount":0,"publisher":{"@id":"https:\/\/fuarhaber.online\/#organization"},"image":{"@id":"https:\/\/fuarhaber.online\/kocaeli-bilisim-fuari-21-23-kasimda-yapay-zeka-temasiyla-basliyor\/#primaryimage"},"thumbnailUrl":"https:\/\/fuarhaber.online\/wp-content\/uploads\/2025\/11\/kocaeli-bilisim-fuari-2025.webp","articleSection":["Fuar Haberleri","Yurti\u00e7i Fuarlar"],"inLanguage":"en-US","potentialAction":[{"@type":"CommentAction","name":"Comment","target":["https:\/\/fuarhaber.online\/kocaeli-bilisim-fuari-21-23-kasimda-yapay-zeka-temasiyla-basliyor\/#respond"]}]},{"@type":"WebPage","@id":"https:\/\/fuarhaber.online\/kocaeli-bilisim-fuari-21-23-kasimda-yapay-zeka-temasiyla-basliyor\/","url":"https:\/\/fuarhaber.online\/kocaeli-bilisim-fuari-21-23-kasimda-yapay-zeka-temasiyla-basliyor\/","name":"Kocaeli Bili\u015fim Fuar\u0131 2025: 95 Firma ile Kap\u0131lar\u0131n\u0131 A\u00e7\u0131yor","isPartOf":{"@id":"https:\/\/fuarhaber.online\/#website"},"primaryImageOfPage":{"@id":"https:\/\/fuarhaber.online\/kocaeli-bilisim-fuari-21-23-kasimda-yapay-zeka-temasiyla-basliyor\/#primaryimage"},"image":{"@id":"https:\/\/fuarhaber.online\/kocaeli-bilisim-fuari-21-23-kasimda-yapay-zeka-temasiyla-basliyor\/#primaryimage"},"thumbnailUrl":"https:\/\/fuarhaber.online\/wp-content\/uploads\/2025\/11\/kocaeli-bilisim-fuari-2025.webp","datePublished":"2025-11-18T13:08:32+00:00","dateModified":"2025-11-18T13:08:35+00:00","description":"Kocaeli Bili\u015fim Fuar\u0131, 2025 y\u0131l\u0131nda 21-23 Kas\u0131m tarihlerinde d\u00fczenlenecek. \u015eehirde ilk kez 5G teknolojisi deneyimlenecek.","breadcrumb":{"@id":"https:\/\/fuarhaber.online\/kocaeli-bilisim-fuari-21-23-kasimda-yapay-zeka-temasiyla-basliyor\/#breadcrumb"},"inLanguage":"en-US","potentialAction":[{"@type":"ReadAction","target":["https:\/\/fuarhaber.online\/kocaeli-bilisim-fuari-21-23-kasimda-yapay-zeka-temasiyla-basliyor\/"]}]},{"@type":"ImageObject","inLanguage":"en-US","@id":"https:\/\/fuarhaber.online\/kocaeli-bilisim-fuari-21-23-kasimda-yapay-zeka-temasiyla-basliyor\/#primaryimage","url":"https:\/\/fuarhaber.online\/wp-content\/uploads\/2025\/11\/kocaeli-bilisim-fuari-2025.webp","contentUrl":"https:\/\/fuarhaber.online\/wp-content\/uploads\/2025\/11\/kocaeli-bilisim-fuari-2025.webp","width":1200,"height":720,"caption":"Kocaeli Bili\u015fim Fuar\u0131 2025 y\u0131l\u0131nda 5G teknolojisine ev sahipli\u011fi yapacak."},{"@type":"BreadcrumbList","@id":"https:\/\/fuarhaber.online\/kocaeli-bilisim-fuari-21-23-kasimda-yapay-zeka-temasiyla-basliyor\/#breadcrumb","itemListElement":[{"@type":"ListItem","position":1,"name":"Anasayfa","item":"https:\/\/fuarhaber.online\/"},{"@type":"ListItem","position":2,"name":"Kocaeli Bili\u015fim Fuar\u0131, 21\u201323 Kas\u0131m\u2019da \u201cYapay Zeka\u201d Temas\u0131yla Ba\u015fl\u0131yor"}]},{"@type":"WebSite","@id":"https:\/\/fuarhaber.online\/#website","url":"https:\/\/fuarhaber.online\/","name":"Fuar Haber","description":"Exhibition News from T\u00fcrkiye and the World","publisher":{"@id":"https:\/\/fuarhaber.online\/#organization"},"potentialAction":[{"@type":"SearchAction","target":{"@type":"EntryPoint","urlTemplate":"https:\/\/fuarhaber.online\/?s={search_term_string}"},"query-input":{"@type":"PropertyValueSpecification","valueRequired":true,"valueName":"search_term_string"}}],"inLanguage":"en-US"},{"@type":"Organization","@id":"https:\/\/fuarhaber.online\/#organization","name":"Fuar Haber","url":"https:\/\/fuarhaber.online\/","logo":{"@type":"ImageObject","inLanguage":"en-US","@id":"https:\/\/fuarhaber.online\/#\/schema\/logo\/image\/","url":"https:\/\/fuarhaber.online\/wp-content\/uploads\/2025\/06\/fuarhaber-logo.webp","contentUrl":"https:\/\/fuarhaber.online\/wp-content\/uploads\/2025\/06\/fuarhaber-logo.webp","width":696,"height":696,"caption":"Fuar Haber"},"image":{"@id":"https:\/\/fuarhaber.online\/#\/schema\/logo\/image\/"}},{"@type":"Person","@id":"https:\/\/fuarhaber.online\/#\/schema\/person\/f26d56ae185f63cce0ec5bec50597984","name":"admin","image":{"@type":"ImageObject","inLanguage":"en-US","@id":"https:\/\/secure.gravatar.com\/avatar\/d5d443df2bf415262c73aa08eee07f704b75e0c58db8037ab36a5fefd5c893cf?s=96&d=mm&r=g","url":"https:\/\/secure.gravatar.com\/avatar\/d5d443df2bf415262c73aa08eee07f704b75e0c58db8037ab36a5fefd5c893cf?s=96&d=mm&r=g","contentUrl":"https:\/\/secure.gravatar.com\/avatar\/d5d443df2bf415262c73aa08eee07f704b75e0c58db8037ab36a5fefd5c893cf?s=96&d=mm&r=g","caption":"admin"},"sameAs":["https:\/\/fuarhaber.online"],"url":"https:\/\/fuarhaber.online\/en\/author\/259164pwpadmin\/"}]}},"_links":{"self":[{"href":"https:\/\/fuarhaber.online\/en\/wp-json\/wp\/v2\/posts\/334","targetHints":{"allow":["GET"]}}],"collection":[{"href":"https:\/\/fuarhaber.online\/en\/wp-json\/wp\/v2\/posts"}],"about":[{"href":"https:\/\/fuarhaber.online\/en\/wp-json\/wp\/v2\/types\/post"}],"author":[{"embeddable":true,"href":"https:\/\/fuarhaber.online\/en\/wp-json\/wp\/v2\/users\/1"}],"replies":[{"embeddable":true,"href":"https:\/\/fuarhaber.online\/en\/wp-json\/wp\/v2\/comments?post=334"}],"version-history":[{"count":1,"href":"https:\/\/fuarhaber.online\/en\/wp-json\/wp\/v2\/posts\/334\/revisions"}],"predecessor-version":[{"id":336,"href":"https:\/\/fuarhaber.online\/en\/wp-json\/wp\/v2\/posts\/334\/revisions\/336"}],"wp:featuredmedia":[{"embeddable":true,"href":"https:\/\/fuarhaber.online\/en\/wp-json\/wp\/v2\/media\/335"}],"wp:attachment":[{"href":"https:\/\/fuarhaber.online\/en\/wp-json\/wp\/v2\/media?parent=334"}],"wp:term":[{"taxonomy":"category","embeddable":true,"href":"https:\/\/fuarhaber.online\/en\/wp-json\/wp\/v2\/categories?post=334"},{"taxonomy":"post_tag","embeddable":true,"href":"https:\/\/fuarhaber.online\/en\/wp-json\/wp\/v2\/tags?post=334"}],"curies":[{"name":"wp","href":"https:\/\/api.w.org\/{rel}","templated":true}]}}