{"id":372,"date":"2025-11-26T14:17:52","date_gmt":"2025-11-26T11:17:52","guid":{"rendered":"https:\/\/fuarhaber.online\/?p=372"},"modified":"2025-11-26T14:17:53","modified_gmt":"2025-11-26T11:17:53","slug":"denizli-kitap-fuari-2025-kapilarini-aciyor-katilacak-isimler-belli-oldu","status":"publish","type":"post","link":"https:\/\/fuarhaber.online\/en\/denizli-kitap-fuari-2025-kapilarini-aciyor-katilacak-isimler-belli-oldu\/","title":{"rendered":"Denizli Kitap Fuar\u0131 2025 Kap\u0131lar\u0131n\u0131 A\u00e7\u0131yor: Kat\u0131lacak \u0130simler Belli Oldu"},"content":{"rendered":"<p>Denizli B\u00fcy\u00fck\u015fehir Belediyesi&#8217;nin gelenekselle\u015fen Kitap Fuar\u0131, bu y\u0131l 8\u2019inci kez kitapseverlerle bulu\u015fmaya haz\u0131rlan\u0131yor. 28 Kas\u0131m-7 Aral\u0131k 2025 tarihleri aras\u0131nda ger\u00e7ekle\u015fecek olan Denizli Kitap Fuar\u0131, yine y\u00fczlerce yazar ve okur i\u00e7in b\u00f6lgenin en b\u00fcy\u00fck bulu\u015fma noktas\u0131 olacak. Fuar, Denizli B\u00fcy\u00fck\u015fehir Belediyesi Kongre ve K\u00fclt\u00fcr Merkezi (EGS) Fuar Alan\u0131\u2019nda d\u00fczenlenecek ve her g\u00fcn saat 10.00-20.00 saatleri aras\u0131nda ziyaret edilebilecek.<\/p>\n\n\n\n<h2 class=\"wp-block-heading\">Onur Konu\u011fu: \u00dcnl\u00fc Yazar Tuna Kiremit\u00e7i<\/h2>\n\n\n\n<p>Bu y\u0131lki fuar\u0131n onur konu\u011fu, \u00fcnl\u00fc yazar ve m\u00fczisyen Tuna Kiremit\u00e7i olacak. Sevilen eserleri ve geni\u015f hayran kitlesiyle tan\u0131nan Kiremit\u00e7i, 29 Kas\u0131m Cumartesi g\u00fcn\u00fc saat 13.00\u2019te d\u00fczenlenecek s\u00f6yle\u015fiye kat\u0131lacak ve okurlar\u0131yla bir araya gelerek eserlerini imzalayacak.<\/p>\n\n\n\n<h2 class=\"wp-block-heading\">Denizli Kitap Fuar\u0131 2025 Kimler Kat\u0131lacak?<\/h2>\n\n\n\n<p>Denizli Kitap Fuar\u0131 2025, 200 yay\u0131nevinin kat\u0131l\u0131m\u0131yla ger\u00e7ekle\u015fecek ve T\u00fcrkiye\u2019nin edebiyat, siyaset, tarih ve ki\u015fisel geli\u015fim alan\u0131ndaki \u00f6nde gelen pek \u00e7ok ismini a\u011f\u0131rlayacak. Fuar kapsam\u0131nda; Pelin Batu, Sunay Ak\u0131n, \u0130lyas Salman, Mustafa Balbay, \u0130rfan De\u011firmenci, Beyhan Budak, Co\u015fkun Aral, Ahmet Ta\u015fa\u011f\u0131l, Talha U\u011furluel, Sinan Ya\u011fmur, Ramazan Kurto\u011flu, Ahmet Telli, \u015e\u00fckr\u00fc Erba\u015f, Kahraman Tazeo\u011flu ve I\u015f\u0131l I\u015f\u0131k gibi isimler okurlar\u0131yla bulu\u015facak. Etkinlik ayr\u0131ca Denizlili yerel yazarlara da \u00f6nemli bir platform sunacak.<\/p>\n\n\n\n<h2 class=\"wp-block-heading\">\u00d6\u011frencilere Servis Deste\u011fi Verilecek<\/h2>\n\n\n\n<p>Fuar boyunca imza g\u00fcnleri, panel ve s\u00f6yle\u015filer d\u00fczenlenecek, kitapseverler yazarlarla birebir tan\u0131\u015fma f\u0131rsat\u0131 bulacak. Denizli B\u00fcy\u00fck\u015fehir Belediyesi, \u00f6\u011frencilerin fuara kolayca ula\u015f\u0131m\u0131n\u0131 sa\u011flamak amac\u0131yla \u0130l Milli E\u011fitim M\u00fcd\u00fcrl\u00fc\u011f\u00fc ile koordineli bir \u00e7al\u0131\u015fma ba\u015flatt\u0131. Bu i\u015f birli\u011fi kapsam\u0131nda, fuara gelmek isteyen okullara \u00fccretsiz servisler sa\u011flanacak. Bu sayede, hafta i\u00e7i her g\u00fcn ortalama 5 bin \u00f6\u011frencinin kitaplarla ve yazarlarla bulu\u015fmas\u0131 hedefleniyor.<\/p>\n\n\n\n<p><strong>FUAR HABER ONLINE<\/strong><\/p>","protected":false},"excerpt":{"rendered":"<p>Denizli B\u00fcy\u00fck\u015fehir Belediyesi&#8217;nin gelenekselle\u015fen Kitap Fuar\u0131, bu y\u0131l 8\u2019inci kez kitapseverlerle bulu\u015fmaya haz\u0131rlan\u0131yor. 28 Kas\u0131m-7 Aral\u0131k 2025 tarihleri aras\u0131nda ger\u00e7ekle\u015fecek olan Denizli Kitap Fuar\u0131, yine y\u00fczlerce yazar ve okur i\u00e7in b\u00f6lgenin en b\u00fcy\u00fck bulu\u015fma noktas\u0131 olacak. Fuar, Denizli B\u00fcy\u00fck\u015fehir Belediyesi Kongre ve K\u00fclt\u00fcr Merkezi (EGS) Fuar Alan\u0131\u2019nda d\u00fczenlenecek ve her g\u00fcn saat 10.00-20.00 saatleri aras\u0131nda [&hellip;]<\/p>\n","protected":false},"author":1,"featured_media":373,"comment_status":"open","ping_status":"open","sticky":false,"template":"","format":"standard","meta":{"footnotes":""},"categories":[1,2],"tags":[],"class_list":["post-372","post","type-post","status-publish","format-standard","has-post-thumbnail","hentry","category-fuar-haberleri","category-yurtici-fuarlar"],"yoast_head":"<!-- This site is optimized with the Yoast SEO plugin v27.5 - https:\/\/yoast.com\/product\/yoast-seo-wordpress\/ -->\n<title>Denizli Kitap Fuar\u0131 2025: \u00dcnl\u00fc Yazarlar Kat\u0131lacak<\/title>\n<meta name=\"description\" content=\"8. Denizli Kitap Fuar\u0131, 28 Kas\u0131m-7 Aral\u0131k 2025&#039;te 200 yay\u0131nevini a\u011f\u0131rlayacak. Onur konu\u011fu Tuna Kiremit\u00e7i olacak.\" \/>\n<meta name=\"robots\" content=\"index, follow, max-snippet:-1, max-image-preview:large, max-video-preview:-1\" \/>\n<link rel=\"canonical\" href=\"https:\/\/fuarhaber.online\/en\/denizli-kitap-fuari-2025-kapilarini-aciyor-katilacak-isimler-belli-oldu\/\" \/>\n<meta property=\"og:locale\" content=\"en_US\" \/>\n<meta property=\"og:type\" content=\"article\" \/>\n<meta property=\"og:title\" content=\"Denizli Kitap Fuar\u0131 2025: \u00dcnl\u00fc Yazarlar Kat\u0131lacak\" \/>\n<meta property=\"og:description\" content=\"8. Denizli Kitap Fuar\u0131, 28 Kas\u0131m-7 Aral\u0131k 2025&#039;te 200 yay\u0131nevini a\u011f\u0131rlayacak. Onur konu\u011fu Tuna Kiremit\u00e7i olacak.\" \/>\n<meta property=\"og:url\" content=\"https:\/\/fuarhaber.online\/en\/denizli-kitap-fuari-2025-kapilarini-aciyor-katilacak-isimler-belli-oldu\/\" \/>\n<meta property=\"og:site_name\" content=\"Fuar Haber\" \/>\n<meta property=\"article:published_time\" content=\"2025-11-26T11:17:52+00:00\" \/>\n<meta property=\"article:modified_time\" content=\"2025-11-26T11:17:53+00:00\" \/>\n<meta property=\"og:image\" content=\"https:\/\/fuarhaber.online\/wp-content\/uploads\/2025\/11\/denizli-kitap-fuari-2025.webp\" \/>\n\t<meta property=\"og:image:width\" content=\"1200\" \/>\n\t<meta property=\"og:image:height\" content=\"720\" \/>\n\t<meta property=\"og:image:type\" content=\"image\/webp\" \/>\n<meta name=\"author\" content=\"admin\" \/>\n<meta name=\"twitter:card\" content=\"summary_large_image\" \/>\n<meta name=\"twitter:label1\" content=\"Written by\" \/>\n\t<meta name=\"twitter:data1\" content=\"admin\" \/>\n\t<meta name=\"twitter:label2\" content=\"Est. reading time\" \/>\n\t<meta name=\"twitter:data2\" content=\"2 minutes\" \/>\n<script type=\"application\/ld+json\" class=\"yoast-schema-graph\">{\"@context\":\"https:\\\/\\\/schema.org\",\"@graph\":[{\"@type\":\"NewsArticle\",\"@id\":\"https:\\\/\\\/fuarhaber.online\\\/denizli-kitap-fuari-2025-kapilarini-aciyor-katilacak-isimler-belli-oldu\\\/#article\",\"isPartOf\":{\"@id\":\"https:\\\/\\\/fuarhaber.online\\\/denizli-kitap-fuari-2025-kapilarini-aciyor-katilacak-isimler-belli-oldu\\\/\"},\"author\":{\"name\":\"admin\",\"@id\":\"https:\\\/\\\/fuarhaber.online\\\/#\\\/schema\\\/person\\\/f26d56ae185f63cce0ec5bec50597984\"},\"headline\":\"Denizli Kitap Fuar\u0131 2025 Kap\u0131lar\u0131n\u0131 A\u00e7\u0131yor: Kat\u0131lacak \u0130simler Belli Oldu\",\"datePublished\":\"2025-11-26T11:17:52+00:00\",\"dateModified\":\"2025-11-26T11:17:53+00:00\",\"mainEntityOfPage\":{\"@id\":\"https:\\\/\\\/fuarhaber.online\\\/denizli-kitap-fuari-2025-kapilarini-aciyor-katilacak-isimler-belli-oldu\\\/\"},\"wordCount\":344,\"commentCount\":0,\"publisher\":{\"@id\":\"https:\\\/\\\/fuarhaber.online\\\/#organization\"},\"image\":{\"@id\":\"https:\\\/\\\/fuarhaber.online\\\/denizli-kitap-fuari-2025-kapilarini-aciyor-katilacak-isimler-belli-oldu\\\/#primaryimage\"},\"thumbnailUrl\":\"https:\\\/\\\/fuarhaber.online\\\/wp-content\\\/uploads\\\/2025\\\/11\\\/denizli-kitap-fuari-2025.webp\",\"articleSection\":[\"Fuar Haberleri\",\"Yurti\u00e7i Fuarlar\"],\"inLanguage\":\"en-US\",\"potentialAction\":[{\"@type\":\"CommentAction\",\"name\":\"Comment\",\"target\":[\"https:\\\/\\\/fuarhaber.online\\\/denizli-kitap-fuari-2025-kapilarini-aciyor-katilacak-isimler-belli-oldu\\\/#respond\"]}]},{\"@type\":\"WebPage\",\"@id\":\"https:\\\/\\\/fuarhaber.online\\\/denizli-kitap-fuari-2025-kapilarini-aciyor-katilacak-isimler-belli-oldu\\\/\",\"url\":\"https:\\\/\\\/fuarhaber.online\\\/denizli-kitap-fuari-2025-kapilarini-aciyor-katilacak-isimler-belli-oldu\\\/\",\"name\":\"Denizli Kitap Fuar\u0131 2025: \u00dcnl\u00fc Yazarlar Kat\u0131lacak\",\"isPartOf\":{\"@id\":\"https:\\\/\\\/fuarhaber.online\\\/#website\"},\"primaryImageOfPage\":{\"@id\":\"https:\\\/\\\/fuarhaber.online\\\/denizli-kitap-fuari-2025-kapilarini-aciyor-katilacak-isimler-belli-oldu\\\/#primaryimage\"},\"image\":{\"@id\":\"https:\\\/\\\/fuarhaber.online\\\/denizli-kitap-fuari-2025-kapilarini-aciyor-katilacak-isimler-belli-oldu\\\/#primaryimage\"},\"thumbnailUrl\":\"https:\\\/\\\/fuarhaber.online\\\/wp-content\\\/uploads\\\/2025\\\/11\\\/denizli-kitap-fuari-2025.webp\",\"datePublished\":\"2025-11-26T11:17:52+00:00\",\"dateModified\":\"2025-11-26T11:17:53+00:00\",\"description\":\"8. Denizli Kitap Fuar\u0131, 28 Kas\u0131m-7 Aral\u0131k 2025'te 200 yay\u0131nevini a\u011f\u0131rlayacak. Onur konu\u011fu Tuna Kiremit\u00e7i olacak.\",\"breadcrumb\":{\"@id\":\"https:\\\/\\\/fuarhaber.online\\\/denizli-kitap-fuari-2025-kapilarini-aciyor-katilacak-isimler-belli-oldu\\\/#breadcrumb\"},\"inLanguage\":\"en-US\",\"potentialAction\":[{\"@type\":\"ReadAction\",\"target\":[\"https:\\\/\\\/fuarhaber.online\\\/denizli-kitap-fuari-2025-kapilarini-aciyor-katilacak-isimler-belli-oldu\\\/\"]}]},{\"@type\":\"ImageObject\",\"inLanguage\":\"en-US\",\"@id\":\"https:\\\/\\\/fuarhaber.online\\\/denizli-kitap-fuari-2025-kapilarini-aciyor-katilacak-isimler-belli-oldu\\\/#primaryimage\",\"url\":\"https:\\\/\\\/fuarhaber.online\\\/wp-content\\\/uploads\\\/2025\\\/11\\\/denizli-kitap-fuari-2025.webp\",\"contentUrl\":\"https:\\\/\\\/fuarhaber.online\\\/wp-content\\\/uploads\\\/2025\\\/11\\\/denizli-kitap-fuari-2025.webp\",\"width\":1200,\"height\":720,\"caption\":\"Denizli Kitap Fuar\u0131'na kat\u0131lacak isimler belli oldu.\"},{\"@type\":\"BreadcrumbList\",\"@id\":\"https:\\\/\\\/fuarhaber.online\\\/denizli-kitap-fuari-2025-kapilarini-aciyor-katilacak-isimler-belli-oldu\\\/#breadcrumb\",\"itemListElement\":[{\"@type\":\"ListItem\",\"position\":1,\"name\":\"Anasayfa\",\"item\":\"https:\\\/\\\/fuarhaber.online\\\/\"},{\"@type\":\"ListItem\",\"position\":2,\"name\":\"Denizli Kitap Fuar\u0131 2025 Kap\u0131lar\u0131n\u0131 A\u00e7\u0131yor: Kat\u0131lacak \u0130simler Belli Oldu\"}]},{\"@type\":\"WebSite\",\"@id\":\"https:\\\/\\\/fuarhaber.online\\\/#website\",\"url\":\"https:\\\/\\\/fuarhaber.online\\\/\",\"name\":\"Fuar Haber\",\"description\":\"T\u00fcrkiye ve D\u00fcnyadan Fuar Haberleri\",\"publisher\":{\"@id\":\"https:\\\/\\\/fuarhaber.online\\\/#organization\"},\"potentialAction\":[{\"@type\":\"SearchAction\",\"target\":{\"@type\":\"EntryPoint\",\"urlTemplate\":\"https:\\\/\\\/fuarhaber.online\\\/?s={search_term_string}\"},\"query-input\":{\"@type\":\"PropertyValueSpecification\",\"valueRequired\":true,\"valueName\":\"search_term_string\"}}],\"inLanguage\":\"en-US\"},{\"@type\":\"Organization\",\"@id\":\"https:\\\/\\\/fuarhaber.online\\\/#organization\",\"name\":\"Fuar Haber\",\"url\":\"https:\\\/\\\/fuarhaber.online\\\/\",\"logo\":{\"@type\":\"ImageObject\",\"inLanguage\":\"en-US\",\"@id\":\"https:\\\/\\\/fuarhaber.online\\\/#\\\/schema\\\/logo\\\/image\\\/\",\"url\":\"https:\\\/\\\/fuarhaber.online\\\/wp-content\\\/uploads\\\/2025\\\/06\\\/fuarhaber-logo.webp\",\"contentUrl\":\"https:\\\/\\\/fuarhaber.online\\\/wp-content\\\/uploads\\\/2025\\\/06\\\/fuarhaber-logo.webp\",\"width\":696,\"height\":696,\"caption\":\"Fuar Haber\"},\"image\":{\"@id\":\"https:\\\/\\\/fuarhaber.online\\\/#\\\/schema\\\/logo\\\/image\\\/\"}},{\"@type\":\"Person\",\"@id\":\"https:\\\/\\\/fuarhaber.online\\\/#\\\/schema\\\/person\\\/f26d56ae185f63cce0ec5bec50597984\",\"name\":\"admin\",\"image\":{\"@type\":\"ImageObject\",\"inLanguage\":\"en-US\",\"@id\":\"https:\\\/\\\/secure.gravatar.com\\\/avatar\\\/d5d443df2bf415262c73aa08eee07f704b75e0c58db8037ab36a5fefd5c893cf?s=96&d=mm&r=g\",\"url\":\"https:\\\/\\\/secure.gravatar.com\\\/avatar\\\/d5d443df2bf415262c73aa08eee07f704b75e0c58db8037ab36a5fefd5c893cf?s=96&d=mm&r=g\",\"contentUrl\":\"https:\\\/\\\/secure.gravatar.com\\\/avatar\\\/d5d443df2bf415262c73aa08eee07f704b75e0c58db8037ab36a5fefd5c893cf?s=96&d=mm&r=g\",\"caption\":\"admin\"},\"sameAs\":[\"https:\\\/\\\/fuarhaber.online\"],\"url\":\"https:\\\/\\\/fuarhaber.online\\\/en\\\/author\\\/259164pwpadmin\\\/\"}]}<\/script>\n<!-- \/ Yoast SEO plugin. -->","yoast_head_json":{"title":"Denizli Kitap Fuar\u0131 2025: \u00dcnl\u00fc Yazarlar Kat\u0131lacak","description":"8. Denizli Kitap Fuar\u0131, 28 Kas\u0131m-7 Aral\u0131k 2025'te 200 yay\u0131nevini a\u011f\u0131rlayacak. Onur konu\u011fu Tuna Kiremit\u00e7i olacak.","robots":{"index":"index","follow":"follow","max-snippet":"max-snippet:-1","max-image-preview":"max-image-preview:large","max-video-preview":"max-video-preview:-1"},"canonical":"https:\/\/fuarhaber.online\/en\/denizli-kitap-fuari-2025-kapilarini-aciyor-katilacak-isimler-belli-oldu\/","og_locale":"en_US","og_type":"article","og_title":"Denizli Kitap Fuar\u0131 2025: \u00dcnl\u00fc Yazarlar Kat\u0131lacak","og_description":"8. Denizli Kitap Fuar\u0131, 28 Kas\u0131m-7 Aral\u0131k 2025'te 200 yay\u0131nevini a\u011f\u0131rlayacak. Onur konu\u011fu Tuna Kiremit\u00e7i olacak.","og_url":"https:\/\/fuarhaber.online\/en\/denizli-kitap-fuari-2025-kapilarini-aciyor-katilacak-isimler-belli-oldu\/","og_site_name":"Fuar Haber","article_published_time":"2025-11-26T11:17:52+00:00","article_modified_time":"2025-11-26T11:17:53+00:00","og_image":[{"width":1200,"height":720,"url":"https:\/\/fuarhaber.online\/wp-content\/uploads\/2025\/11\/denizli-kitap-fuari-2025.webp","type":"image\/webp"}],"author":"admin","twitter_card":"summary_large_image","twitter_misc":{"Written by":"admin","Est. reading time":"2 minutes"},"schema":{"@context":"https:\/\/schema.org","@graph":[{"@type":"NewsArticle","@id":"https:\/\/fuarhaber.online\/denizli-kitap-fuari-2025-kapilarini-aciyor-katilacak-isimler-belli-oldu\/#article","isPartOf":{"@id":"https:\/\/fuarhaber.online\/denizli-kitap-fuari-2025-kapilarini-aciyor-katilacak-isimler-belli-oldu\/"},"author":{"name":"admin","@id":"https:\/\/fuarhaber.online\/#\/schema\/person\/f26d56ae185f63cce0ec5bec50597984"},"headline":"Denizli Kitap Fuar\u0131 2025 Kap\u0131lar\u0131n\u0131 A\u00e7\u0131yor: Kat\u0131lacak \u0130simler Belli Oldu","datePublished":"2025-11-26T11:17:52+00:00","dateModified":"2025-11-26T11:17:53+00:00","mainEntityOfPage":{"@id":"https:\/\/fuarhaber.online\/denizli-kitap-fuari-2025-kapilarini-aciyor-katilacak-isimler-belli-oldu\/"},"wordCount":344,"commentCount":0,"publisher":{"@id":"https:\/\/fuarhaber.online\/#organization"},"image":{"@id":"https:\/\/fuarhaber.online\/denizli-kitap-fuari-2025-kapilarini-aciyor-katilacak-isimler-belli-oldu\/#primaryimage"},"thumbnailUrl":"https:\/\/fuarhaber.online\/wp-content\/uploads\/2025\/11\/denizli-kitap-fuari-2025.webp","articleSection":["Fuar Haberleri","Yurti\u00e7i Fuarlar"],"inLanguage":"en-US","potentialAction":[{"@type":"CommentAction","name":"Comment","target":["https:\/\/fuarhaber.online\/denizli-kitap-fuari-2025-kapilarini-aciyor-katilacak-isimler-belli-oldu\/#respond"]}]},{"@type":"WebPage","@id":"https:\/\/fuarhaber.online\/denizli-kitap-fuari-2025-kapilarini-aciyor-katilacak-isimler-belli-oldu\/","url":"https:\/\/fuarhaber.online\/denizli-kitap-fuari-2025-kapilarini-aciyor-katilacak-isimler-belli-oldu\/","name":"Denizli Kitap Fuar\u0131 2025: \u00dcnl\u00fc Yazarlar Kat\u0131lacak","isPartOf":{"@id":"https:\/\/fuarhaber.online\/#website"},"primaryImageOfPage":{"@id":"https:\/\/fuarhaber.online\/denizli-kitap-fuari-2025-kapilarini-aciyor-katilacak-isimler-belli-oldu\/#primaryimage"},"image":{"@id":"https:\/\/fuarhaber.online\/denizli-kitap-fuari-2025-kapilarini-aciyor-katilacak-isimler-belli-oldu\/#primaryimage"},"thumbnailUrl":"https:\/\/fuarhaber.online\/wp-content\/uploads\/2025\/11\/denizli-kitap-fuari-2025.webp","datePublished":"2025-11-26T11:17:52+00:00","dateModified":"2025-11-26T11:17:53+00:00","description":"8. Denizli Kitap Fuar\u0131, 28 Kas\u0131m-7 Aral\u0131k 2025'te 200 yay\u0131nevini a\u011f\u0131rlayacak. Onur konu\u011fu Tuna Kiremit\u00e7i olacak.","breadcrumb":{"@id":"https:\/\/fuarhaber.online\/denizli-kitap-fuari-2025-kapilarini-aciyor-katilacak-isimler-belli-oldu\/#breadcrumb"},"inLanguage":"en-US","potentialAction":[{"@type":"ReadAction","target":["https:\/\/fuarhaber.online\/denizli-kitap-fuari-2025-kapilarini-aciyor-katilacak-isimler-belli-oldu\/"]}]},{"@type":"ImageObject","inLanguage":"en-US","@id":"https:\/\/fuarhaber.online\/denizli-kitap-fuari-2025-kapilarini-aciyor-katilacak-isimler-belli-oldu\/#primaryimage","url":"https:\/\/fuarhaber.online\/wp-content\/uploads\/2025\/11\/denizli-kitap-fuari-2025.webp","contentUrl":"https:\/\/fuarhaber.online\/wp-content\/uploads\/2025\/11\/denizli-kitap-fuari-2025.webp","width":1200,"height":720,"caption":"Denizli Kitap Fuar\u0131'na kat\u0131lacak isimler belli oldu."},{"@type":"BreadcrumbList","@id":"https:\/\/fuarhaber.online\/denizli-kitap-fuari-2025-kapilarini-aciyor-katilacak-isimler-belli-oldu\/#breadcrumb","itemListElement":[{"@type":"ListItem","position":1,"name":"Anasayfa","item":"https:\/\/fuarhaber.online\/"},{"@type":"ListItem","position":2,"name":"Denizli Kitap Fuar\u0131 2025 Kap\u0131lar\u0131n\u0131 A\u00e7\u0131yor: Kat\u0131lacak \u0130simler Belli Oldu"}]},{"@type":"WebSite","@id":"https:\/\/fuarhaber.online\/#website","url":"https:\/\/fuarhaber.online\/","name":"Fuar Haber","description":"Exhibition News from T\u00fcrkiye and the World","publisher":{"@id":"https:\/\/fuarhaber.online\/#organization"},"potentialAction":[{"@type":"SearchAction","target":{"@type":"EntryPoint","urlTemplate":"https:\/\/fuarhaber.online\/?s={search_term_string}"},"query-input":{"@type":"PropertyValueSpecification","valueRequired":true,"valueName":"search_term_string"}}],"inLanguage":"en-US"},{"@type":"Organization","@id":"https:\/\/fuarhaber.online\/#organization","name":"Fuar Haber","url":"https:\/\/fuarhaber.online\/","logo":{"@type":"ImageObject","inLanguage":"en-US","@id":"https:\/\/fuarhaber.online\/#\/schema\/logo\/image\/","url":"https:\/\/fuarhaber.online\/wp-content\/uploads\/2025\/06\/fuarhaber-logo.webp","contentUrl":"https:\/\/fuarhaber.online\/wp-content\/uploads\/2025\/06\/fuarhaber-logo.webp","width":696,"height":696,"caption":"Fuar Haber"},"image":{"@id":"https:\/\/fuarhaber.online\/#\/schema\/logo\/image\/"}},{"@type":"Person","@id":"https:\/\/fuarhaber.online\/#\/schema\/person\/f26d56ae185f63cce0ec5bec50597984","name":"admin","image":{"@type":"ImageObject","inLanguage":"en-US","@id":"https:\/\/secure.gravatar.com\/avatar\/d5d443df2bf415262c73aa08eee07f704b75e0c58db8037ab36a5fefd5c893cf?s=96&d=mm&r=g","url":"https:\/\/secure.gravatar.com\/avatar\/d5d443df2bf415262c73aa08eee07f704b75e0c58db8037ab36a5fefd5c893cf?s=96&d=mm&r=g","contentUrl":"https:\/\/secure.gravatar.com\/avatar\/d5d443df2bf415262c73aa08eee07f704b75e0c58db8037ab36a5fefd5c893cf?s=96&d=mm&r=g","caption":"admin"},"sameAs":["https:\/\/fuarhaber.online"],"url":"https:\/\/fuarhaber.online\/en\/author\/259164pwpadmin\/"}]}},"_links":{"self":[{"href":"https:\/\/fuarhaber.online\/en\/wp-json\/wp\/v2\/posts\/372","targetHints":{"allow":["GET"]}}],"collection":[{"href":"https:\/\/fuarhaber.online\/en\/wp-json\/wp\/v2\/posts"}],"about":[{"href":"https:\/\/fuarhaber.online\/en\/wp-json\/wp\/v2\/types\/post"}],"author":[{"embeddable":true,"href":"https:\/\/fuarhaber.online\/en\/wp-json\/wp\/v2\/users\/1"}],"replies":[{"embeddable":true,"href":"https:\/\/fuarhaber.online\/en\/wp-json\/wp\/v2\/comments?post=372"}],"version-history":[{"count":1,"href":"https:\/\/fuarhaber.online\/en\/wp-json\/wp\/v2\/posts\/372\/revisions"}],"predecessor-version":[{"id":374,"href":"https:\/\/fuarhaber.online\/en\/wp-json\/wp\/v2\/posts\/372\/revisions\/374"}],"wp:featuredmedia":[{"embeddable":true,"href":"https:\/\/fuarhaber.online\/en\/wp-json\/wp\/v2\/media\/373"}],"wp:attachment":[{"href":"https:\/\/fuarhaber.online\/en\/wp-json\/wp\/v2\/media?parent=372"}],"wp:term":[{"taxonomy":"category","embeddable":true,"href":"https:\/\/fuarhaber.online\/en\/wp-json\/wp\/v2\/categories?post=372"},{"taxonomy":"post_tag","embeddable":true,"href":"https:\/\/fuarhaber.online\/en\/wp-json\/wp\/v2\/tags?post=372"}],"curies":[{"name":"wp","href":"https:\/\/api.w.org\/{rel}","templated":true}]}}