{"id":378,"date":"2025-11-26T16:30:30","date_gmt":"2025-11-26T13:30:30","guid":{"rendered":"https:\/\/fuarhaber.online\/?p=378"},"modified":"2025-11-26T16:30:31","modified_gmt":"2025-11-26T13:30:31","slug":"luks-seyahat-sektorunun-zirvesi-iltm-cannes-basliyor","status":"publish","type":"post","link":"https:\/\/fuarhaber.online\/en\/luks-seyahat-sektorunun-zirvesi-iltm-cannes-basliyor\/","title":{"rendered":"L\u00fcks Seyahat Sekt\u00f6r\u00fcn\u00fcn Zirvesi ILTM Cannes Ba\u015fl\u0131yor"},"content":{"rendered":"<p>L\u00fcks seyahat end\u00fcstrisinin y\u0131l sonu bulu\u015fmas\u0131 olarak kabul edilen <strong>ILTM Cannes<\/strong>, sekt\u00f6r\u00fcn en etkili isimlerini bir araya getiriyor.<\/p>\n\n\n\n<p>Fransa Rivieras\u0131\u2019nda d\u00fczenlenen bu etkinlik, d\u00f6rt g\u00fcn boyunca yeni seyahat g\u00fczerg\u00e2hlar\u0131n\u0131n olu\u015fturuldu\u011fu, \u00f6nemli i\u015f anla\u015fmalar\u0131n\u0131n yap\u0131ld\u0131\u011f\u0131 ve uzun vadeli i\u015f birliklerinin kuruldu\u011fu bir platform sunuyor.<\/p>\n\n\n\n<h2 class=\"wp-block-heading\">L\u00fcks Seyahat Sekt\u00f6r\u00fc Bulu\u015fuyor<\/h2>\n\n\n\n<p>Y\u00fcksek kalitede \u00f6nceden planlanm\u0131\u015f randevular, e\u011fitim oturumlar\u0131 ve kapsaml\u0131 a\u011f kurma etkinlikleriyle \u00f6ne \u00e7\u0131kan ILTM Cannes, her y\u0131l 85.000\u2019den fazla ikili g\u00f6r\u00fc\u015fmeye ev sahipli\u011fi yap\u0131yor. Fuar, ba\u015flang\u0131\u00e7ta \u00fcst d\u00fczey seyahat markalar\u0131 ile \u00f6zenle se\u00e7ilmi\u015f al\u0131c\u0131lar i\u00e7in \u00f6zel bir bulu\u015fma alan\u0131 olarak kurulmu\u015ftu. Bug\u00fcn ise l\u00fcks seyahatin gelece\u011fini \u015fekillendiren en etkili y\u0131ll\u0131k organizasyon haline geldi.<\/p>\n\n\n\n<h2 class=\"wp-block-heading\">T\u00fcrkiye Geni\u015f Bir Kat\u0131l\u0131m G\u00f6sterecek<\/h2>\n\n\n\n<p>T\u00fcrkiye, l\u00fcks turizm pazar\u0131ndaki iddias\u0131n\u0131 g\u00fc\u00e7lendirmek amac\u0131yla bu \u00f6nemli etkinli\u011fe \u00fcst d\u00fczey kat\u0131l\u0131m sa\u011fl\u0131yor. <strong>T\u00fcrkiye Turizm Tan\u0131t\u0131m ve Geli\u015ftirme Ajans\u0131 (TGA)<\/strong>, fuara geni\u015f bir stant ile kat\u0131l\u0131m g\u00f6steriyor. TGA stand\u0131nda bir\u00e7ok \u00f6zel firmaya ev sahipli\u011fi yap\u0131lacak ve T\u00fcrk turizmine ili\u015fkin tan\u0131t\u0131m faaliyetleri y\u00fcr\u00fct\u00fclecek. Uluslararas\u0131 medyan\u0131n da yo\u011fun ilgi g\u00f6sterdi\u011fi fuar, T\u00fcrkiye\u2019nin nitelikli ve y\u00fcksek etkili pazar potansiyelini k\u00fcresel al\u0131c\u0131lara sunmas\u0131 a\u00e7\u0131s\u0131ndan kritik \u00f6nem ta\u015f\u0131yor.<\/p>\n\n\n\n<p>ILTM Cannes, k\u00fcresel markalar\u0131 bir araya getirerek uzun soluklu ortakl\u0131klar\u0131 ate\u015fliyor ve ger\u00e7ek ticari hacmi y\u00f6nlendiriyor. Etkinlik, 1\u20134 Aral\u0131k 2025 tarihleri aras\u0131nda Fransa\u2019n\u0131n Cannes kentinde d\u00fczenlenecek.<\/p>\n\n\n\n<p><strong>FUAR HABER ONLINE<\/strong><\/p>","protected":false},"excerpt":{"rendered":"<p>L\u00fcks seyahat end\u00fcstrisinin y\u0131l sonu bulu\u015fmas\u0131 olarak kabul edilen ILTM Cannes, sekt\u00f6r\u00fcn en etkili isimlerini bir araya getiriyor. Fransa Rivieras\u0131\u2019nda d\u00fczenlenen bu etkinlik, d\u00f6rt g\u00fcn boyunca yeni seyahat g\u00fczerg\u00e2hlar\u0131n\u0131n olu\u015fturuldu\u011fu, \u00f6nemli i\u015f anla\u015fmalar\u0131n\u0131n yap\u0131ld\u0131\u011f\u0131 ve uzun vadeli i\u015f birliklerinin kuruldu\u011fu bir platform sunuyor. L\u00fcks Seyahat Sekt\u00f6r\u00fc Bulu\u015fuyor Y\u00fcksek kalitede \u00f6nceden planlanm\u0131\u015f randevular, e\u011fitim oturumlar\u0131 ve [&hellip;]<\/p>\n","protected":false},"author":1,"featured_media":379,"comment_status":"open","ping_status":"open","sticky":false,"template":"","format":"standard","meta":{"footnotes":""},"categories":[1,3],"tags":[],"class_list":["post-378","post","type-post","status-publish","format-standard","has-post-thumbnail","hentry","category-fuar-haberleri","category-yurtdisi-fuarlar"],"yoast_head":"<!-- This site is optimized with the Yoast SEO plugin v27.5 - https:\/\/yoast.com\/product\/yoast-seo-wordpress\/ -->\n<title>L\u00fcks Seyahat Sekt\u00f6r\u00fcn\u00fcn Zirvesi ILTM Cannes Ba\u015fl\u0131yor - Fuar Haber<\/title>\n<meta name=\"description\" content=\"L\u00fcks seyahat sekt\u00f6r\u00fcn\u00fcn y\u0131l sonu zirvesi ILTM Cannes, 1-4 Aral\u0131k 2025&#039;te Fransa&#039;da ba\u015fl\u0131yor. TGA stand\u0131nda T\u00fcrkiye&#039;den bir\u00e7ok firma yer alacak.\" \/>\n<meta name=\"robots\" content=\"index, follow, max-snippet:-1, max-image-preview:large, max-video-preview:-1\" \/>\n<link rel=\"canonical\" href=\"https:\/\/fuarhaber.online\/en\/luks-seyahat-sektorunun-zirvesi-iltm-cannes-basliyor\/\" \/>\n<meta property=\"og:locale\" content=\"en_US\" \/>\n<meta property=\"og:type\" content=\"article\" \/>\n<meta property=\"og:title\" content=\"L\u00fcks Seyahat Sekt\u00f6r\u00fcn\u00fcn Zirvesi ILTM Cannes Ba\u015fl\u0131yor - Fuar Haber\" \/>\n<meta property=\"og:description\" content=\"L\u00fcks seyahat sekt\u00f6r\u00fcn\u00fcn y\u0131l sonu zirvesi ILTM Cannes, 1-4 Aral\u0131k 2025&#039;te Fransa&#039;da ba\u015fl\u0131yor. TGA stand\u0131nda T\u00fcrkiye&#039;den bir\u00e7ok firma yer alacak.\" \/>\n<meta property=\"og:url\" content=\"https:\/\/fuarhaber.online\/en\/luks-seyahat-sektorunun-zirvesi-iltm-cannes-basliyor\/\" \/>\n<meta property=\"og:site_name\" content=\"Fuar Haber\" \/>\n<meta property=\"article:published_time\" content=\"2025-11-26T13:30:30+00:00\" \/>\n<meta property=\"article:modified_time\" content=\"2025-11-26T13:30:31+00:00\" \/>\n<meta property=\"og:image\" content=\"https:\/\/fuarhaber.online\/wp-content\/uploads\/2025\/11\/iltm-cannes-fuari.webp\" \/>\n\t<meta property=\"og:image:width\" content=\"1200\" \/>\n\t<meta property=\"og:image:height\" content=\"720\" \/>\n\t<meta property=\"og:image:type\" content=\"image\/webp\" \/>\n<meta name=\"author\" content=\"admin\" \/>\n<meta name=\"twitter:card\" content=\"summary_large_image\" \/>\n<meta name=\"twitter:label1\" content=\"Written by\" \/>\n\t<meta name=\"twitter:data1\" content=\"admin\" \/>\n\t<meta name=\"twitter:label2\" content=\"Est. reading time\" \/>\n\t<meta name=\"twitter:data2\" content=\"2 minutes\" \/>\n<script type=\"application\/ld+json\" class=\"yoast-schema-graph\">{\"@context\":\"https:\\\/\\\/schema.org\",\"@graph\":[{\"@type\":\"NewsArticle\",\"@id\":\"https:\\\/\\\/fuarhaber.online\\\/luks-seyahat-sektorunun-zirvesi-iltm-cannes-basliyor\\\/#article\",\"isPartOf\":{\"@id\":\"https:\\\/\\\/fuarhaber.online\\\/luks-seyahat-sektorunun-zirvesi-iltm-cannes-basliyor\\\/\"},\"author\":{\"name\":\"admin\",\"@id\":\"https:\\\/\\\/fuarhaber.online\\\/#\\\/schema\\\/person\\\/f26d56ae185f63cce0ec5bec50597984\"},\"headline\":\"L\u00fcks Seyahat Sekt\u00f6r\u00fcn\u00fcn Zirvesi ILTM Cannes Ba\u015fl\u0131yor\",\"datePublished\":\"2025-11-26T13:30:30+00:00\",\"dateModified\":\"2025-11-26T13:30:31+00:00\",\"mainEntityOfPage\":{\"@id\":\"https:\\\/\\\/fuarhaber.online\\\/luks-seyahat-sektorunun-zirvesi-iltm-cannes-basliyor\\\/\"},\"wordCount\":312,\"commentCount\":0,\"publisher\":{\"@id\":\"https:\\\/\\\/fuarhaber.online\\\/#organization\"},\"image\":{\"@id\":\"https:\\\/\\\/fuarhaber.online\\\/luks-seyahat-sektorunun-zirvesi-iltm-cannes-basliyor\\\/#primaryimage\"},\"thumbnailUrl\":\"https:\\\/\\\/fuarhaber.online\\\/wp-content\\\/uploads\\\/2025\\\/11\\\/iltm-cannes-fuari.webp\",\"articleSection\":[\"Fuar Haberleri\",\"Yurtd\u0131\u015f\u0131 Fuarlar\"],\"inLanguage\":\"en-US\",\"potentialAction\":[{\"@type\":\"CommentAction\",\"name\":\"Comment\",\"target\":[\"https:\\\/\\\/fuarhaber.online\\\/luks-seyahat-sektorunun-zirvesi-iltm-cannes-basliyor\\\/#respond\"]}]},{\"@type\":\"WebPage\",\"@id\":\"https:\\\/\\\/fuarhaber.online\\\/luks-seyahat-sektorunun-zirvesi-iltm-cannes-basliyor\\\/\",\"url\":\"https:\\\/\\\/fuarhaber.online\\\/luks-seyahat-sektorunun-zirvesi-iltm-cannes-basliyor\\\/\",\"name\":\"L\u00fcks Seyahat Sekt\u00f6r\u00fcn\u00fcn Zirvesi ILTM Cannes Ba\u015fl\u0131yor - Fuar Haber\",\"isPartOf\":{\"@id\":\"https:\\\/\\\/fuarhaber.online\\\/#website\"},\"primaryImageOfPage\":{\"@id\":\"https:\\\/\\\/fuarhaber.online\\\/luks-seyahat-sektorunun-zirvesi-iltm-cannes-basliyor\\\/#primaryimage\"},\"image\":{\"@id\":\"https:\\\/\\\/fuarhaber.online\\\/luks-seyahat-sektorunun-zirvesi-iltm-cannes-basliyor\\\/#primaryimage\"},\"thumbnailUrl\":\"https:\\\/\\\/fuarhaber.online\\\/wp-content\\\/uploads\\\/2025\\\/11\\\/iltm-cannes-fuari.webp\",\"datePublished\":\"2025-11-26T13:30:30+00:00\",\"dateModified\":\"2025-11-26T13:30:31+00:00\",\"description\":\"L\u00fcks seyahat sekt\u00f6r\u00fcn\u00fcn y\u0131l sonu zirvesi ILTM Cannes, 1-4 Aral\u0131k 2025'te Fransa'da ba\u015fl\u0131yor. TGA stand\u0131nda T\u00fcrkiye'den bir\u00e7ok firma yer alacak.\",\"breadcrumb\":{\"@id\":\"https:\\\/\\\/fuarhaber.online\\\/luks-seyahat-sektorunun-zirvesi-iltm-cannes-basliyor\\\/#breadcrumb\"},\"inLanguage\":\"en-US\",\"potentialAction\":[{\"@type\":\"ReadAction\",\"target\":[\"https:\\\/\\\/fuarhaber.online\\\/luks-seyahat-sektorunun-zirvesi-iltm-cannes-basliyor\\\/\"]}]},{\"@type\":\"ImageObject\",\"inLanguage\":\"en-US\",\"@id\":\"https:\\\/\\\/fuarhaber.online\\\/luks-seyahat-sektorunun-zirvesi-iltm-cannes-basliyor\\\/#primaryimage\",\"url\":\"https:\\\/\\\/fuarhaber.online\\\/wp-content\\\/uploads\\\/2025\\\/11\\\/iltm-cannes-fuari.webp\",\"contentUrl\":\"https:\\\/\\\/fuarhaber.online\\\/wp-content\\\/uploads\\\/2025\\\/11\\\/iltm-cannes-fuari.webp\",\"width\":1200,\"height\":720},{\"@type\":\"BreadcrumbList\",\"@id\":\"https:\\\/\\\/fuarhaber.online\\\/luks-seyahat-sektorunun-zirvesi-iltm-cannes-basliyor\\\/#breadcrumb\",\"itemListElement\":[{\"@type\":\"ListItem\",\"position\":1,\"name\":\"Anasayfa\",\"item\":\"https:\\\/\\\/fuarhaber.online\\\/\"},{\"@type\":\"ListItem\",\"position\":2,\"name\":\"L\u00fcks Seyahat Sekt\u00f6r\u00fcn\u00fcn Zirvesi ILTM Cannes Ba\u015fl\u0131yor\"}]},{\"@type\":\"WebSite\",\"@id\":\"https:\\\/\\\/fuarhaber.online\\\/#website\",\"url\":\"https:\\\/\\\/fuarhaber.online\\\/\",\"name\":\"Fuar Haber\",\"description\":\"T\u00fcrkiye ve D\u00fcnyadan Fuar Haberleri\",\"publisher\":{\"@id\":\"https:\\\/\\\/fuarhaber.online\\\/#organization\"},\"potentialAction\":[{\"@type\":\"SearchAction\",\"target\":{\"@type\":\"EntryPoint\",\"urlTemplate\":\"https:\\\/\\\/fuarhaber.online\\\/?s={search_term_string}\"},\"query-input\":{\"@type\":\"PropertyValueSpecification\",\"valueRequired\":true,\"valueName\":\"search_term_string\"}}],\"inLanguage\":\"en-US\"},{\"@type\":\"Organization\",\"@id\":\"https:\\\/\\\/fuarhaber.online\\\/#organization\",\"name\":\"Fuar Haber\",\"url\":\"https:\\\/\\\/fuarhaber.online\\\/\",\"logo\":{\"@type\":\"ImageObject\",\"inLanguage\":\"en-US\",\"@id\":\"https:\\\/\\\/fuarhaber.online\\\/#\\\/schema\\\/logo\\\/image\\\/\",\"url\":\"https:\\\/\\\/fuarhaber.online\\\/wp-content\\\/uploads\\\/2025\\\/06\\\/fuarhaber-logo.webp\",\"contentUrl\":\"https:\\\/\\\/fuarhaber.online\\\/wp-content\\\/uploads\\\/2025\\\/06\\\/fuarhaber-logo.webp\",\"width\":696,\"height\":696,\"caption\":\"Fuar Haber\"},\"image\":{\"@id\":\"https:\\\/\\\/fuarhaber.online\\\/#\\\/schema\\\/logo\\\/image\\\/\"}},{\"@type\":\"Person\",\"@id\":\"https:\\\/\\\/fuarhaber.online\\\/#\\\/schema\\\/person\\\/f26d56ae185f63cce0ec5bec50597984\",\"name\":\"admin\",\"image\":{\"@type\":\"ImageObject\",\"inLanguage\":\"en-US\",\"@id\":\"https:\\\/\\\/secure.gravatar.com\\\/avatar\\\/d5d443df2bf415262c73aa08eee07f704b75e0c58db8037ab36a5fefd5c893cf?s=96&d=mm&r=g\",\"url\":\"https:\\\/\\\/secure.gravatar.com\\\/avatar\\\/d5d443df2bf415262c73aa08eee07f704b75e0c58db8037ab36a5fefd5c893cf?s=96&d=mm&r=g\",\"contentUrl\":\"https:\\\/\\\/secure.gravatar.com\\\/avatar\\\/d5d443df2bf415262c73aa08eee07f704b75e0c58db8037ab36a5fefd5c893cf?s=96&d=mm&r=g\",\"caption\":\"admin\"},\"sameAs\":[\"https:\\\/\\\/fuarhaber.online\"],\"url\":\"https:\\\/\\\/fuarhaber.online\\\/en\\\/author\\\/259164pwpadmin\\\/\"}]}<\/script>\n<!-- \/ Yoast SEO plugin. -->","yoast_head_json":{"title":"L\u00fcks Seyahat Sekt\u00f6r\u00fcn\u00fcn Zirvesi ILTM Cannes Ba\u015fl\u0131yor - Fuar Haber","description":"L\u00fcks seyahat sekt\u00f6r\u00fcn\u00fcn y\u0131l sonu zirvesi ILTM Cannes, 1-4 Aral\u0131k 2025'te Fransa'da ba\u015fl\u0131yor. TGA stand\u0131nda T\u00fcrkiye'den bir\u00e7ok firma yer alacak.","robots":{"index":"index","follow":"follow","max-snippet":"max-snippet:-1","max-image-preview":"max-image-preview:large","max-video-preview":"max-video-preview:-1"},"canonical":"https:\/\/fuarhaber.online\/en\/luks-seyahat-sektorunun-zirvesi-iltm-cannes-basliyor\/","og_locale":"en_US","og_type":"article","og_title":"L\u00fcks Seyahat Sekt\u00f6r\u00fcn\u00fcn Zirvesi ILTM Cannes Ba\u015fl\u0131yor - Fuar Haber","og_description":"L\u00fcks seyahat sekt\u00f6r\u00fcn\u00fcn y\u0131l sonu zirvesi ILTM Cannes, 1-4 Aral\u0131k 2025'te Fransa'da ba\u015fl\u0131yor. TGA stand\u0131nda T\u00fcrkiye'den bir\u00e7ok firma yer alacak.","og_url":"https:\/\/fuarhaber.online\/en\/luks-seyahat-sektorunun-zirvesi-iltm-cannes-basliyor\/","og_site_name":"Fuar Haber","article_published_time":"2025-11-26T13:30:30+00:00","article_modified_time":"2025-11-26T13:30:31+00:00","og_image":[{"width":1200,"height":720,"url":"https:\/\/fuarhaber.online\/wp-content\/uploads\/2025\/11\/iltm-cannes-fuari.webp","type":"image\/webp"}],"author":"admin","twitter_card":"summary_large_image","twitter_misc":{"Written by":"admin","Est. reading time":"2 minutes"},"schema":{"@context":"https:\/\/schema.org","@graph":[{"@type":"NewsArticle","@id":"https:\/\/fuarhaber.online\/luks-seyahat-sektorunun-zirvesi-iltm-cannes-basliyor\/#article","isPartOf":{"@id":"https:\/\/fuarhaber.online\/luks-seyahat-sektorunun-zirvesi-iltm-cannes-basliyor\/"},"author":{"name":"admin","@id":"https:\/\/fuarhaber.online\/#\/schema\/person\/f26d56ae185f63cce0ec5bec50597984"},"headline":"L\u00fcks Seyahat Sekt\u00f6r\u00fcn\u00fcn Zirvesi ILTM Cannes Ba\u015fl\u0131yor","datePublished":"2025-11-26T13:30:30+00:00","dateModified":"2025-11-26T13:30:31+00:00","mainEntityOfPage":{"@id":"https:\/\/fuarhaber.online\/luks-seyahat-sektorunun-zirvesi-iltm-cannes-basliyor\/"},"wordCount":312,"commentCount":0,"publisher":{"@id":"https:\/\/fuarhaber.online\/#organization"},"image":{"@id":"https:\/\/fuarhaber.online\/luks-seyahat-sektorunun-zirvesi-iltm-cannes-basliyor\/#primaryimage"},"thumbnailUrl":"https:\/\/fuarhaber.online\/wp-content\/uploads\/2025\/11\/iltm-cannes-fuari.webp","articleSection":["Fuar Haberleri","Yurtd\u0131\u015f\u0131 Fuarlar"],"inLanguage":"en-US","potentialAction":[{"@type":"CommentAction","name":"Comment","target":["https:\/\/fuarhaber.online\/luks-seyahat-sektorunun-zirvesi-iltm-cannes-basliyor\/#respond"]}]},{"@type":"WebPage","@id":"https:\/\/fuarhaber.online\/luks-seyahat-sektorunun-zirvesi-iltm-cannes-basliyor\/","url":"https:\/\/fuarhaber.online\/luks-seyahat-sektorunun-zirvesi-iltm-cannes-basliyor\/","name":"L\u00fcks Seyahat Sekt\u00f6r\u00fcn\u00fcn Zirvesi ILTM Cannes Ba\u015fl\u0131yor - Fuar Haber","isPartOf":{"@id":"https:\/\/fuarhaber.online\/#website"},"primaryImageOfPage":{"@id":"https:\/\/fuarhaber.online\/luks-seyahat-sektorunun-zirvesi-iltm-cannes-basliyor\/#primaryimage"},"image":{"@id":"https:\/\/fuarhaber.online\/luks-seyahat-sektorunun-zirvesi-iltm-cannes-basliyor\/#primaryimage"},"thumbnailUrl":"https:\/\/fuarhaber.online\/wp-content\/uploads\/2025\/11\/iltm-cannes-fuari.webp","datePublished":"2025-11-26T13:30:30+00:00","dateModified":"2025-11-26T13:30:31+00:00","description":"L\u00fcks seyahat sekt\u00f6r\u00fcn\u00fcn y\u0131l sonu zirvesi ILTM Cannes, 1-4 Aral\u0131k 2025'te Fransa'da ba\u015fl\u0131yor. TGA stand\u0131nda T\u00fcrkiye'den bir\u00e7ok firma yer alacak.","breadcrumb":{"@id":"https:\/\/fuarhaber.online\/luks-seyahat-sektorunun-zirvesi-iltm-cannes-basliyor\/#breadcrumb"},"inLanguage":"en-US","potentialAction":[{"@type":"ReadAction","target":["https:\/\/fuarhaber.online\/luks-seyahat-sektorunun-zirvesi-iltm-cannes-basliyor\/"]}]},{"@type":"ImageObject","inLanguage":"en-US","@id":"https:\/\/fuarhaber.online\/luks-seyahat-sektorunun-zirvesi-iltm-cannes-basliyor\/#primaryimage","url":"https:\/\/fuarhaber.online\/wp-content\/uploads\/2025\/11\/iltm-cannes-fuari.webp","contentUrl":"https:\/\/fuarhaber.online\/wp-content\/uploads\/2025\/11\/iltm-cannes-fuari.webp","width":1200,"height":720},{"@type":"BreadcrumbList","@id":"https:\/\/fuarhaber.online\/luks-seyahat-sektorunun-zirvesi-iltm-cannes-basliyor\/#breadcrumb","itemListElement":[{"@type":"ListItem","position":1,"name":"Anasayfa","item":"https:\/\/fuarhaber.online\/"},{"@type":"ListItem","position":2,"name":"L\u00fcks Seyahat Sekt\u00f6r\u00fcn\u00fcn Zirvesi ILTM Cannes Ba\u015fl\u0131yor"}]},{"@type":"WebSite","@id":"https:\/\/fuarhaber.online\/#website","url":"https:\/\/fuarhaber.online\/","name":"Fuar Haber","description":"Exhibition News from T\u00fcrkiye and the World","publisher":{"@id":"https:\/\/fuarhaber.online\/#organization"},"potentialAction":[{"@type":"SearchAction","target":{"@type":"EntryPoint","urlTemplate":"https:\/\/fuarhaber.online\/?s={search_term_string}"},"query-input":{"@type":"PropertyValueSpecification","valueRequired":true,"valueName":"search_term_string"}}],"inLanguage":"en-US"},{"@type":"Organization","@id":"https:\/\/fuarhaber.online\/#organization","name":"Fuar Haber","url":"https:\/\/fuarhaber.online\/","logo":{"@type":"ImageObject","inLanguage":"en-US","@id":"https:\/\/fuarhaber.online\/#\/schema\/logo\/image\/","url":"https:\/\/fuarhaber.online\/wp-content\/uploads\/2025\/06\/fuarhaber-logo.webp","contentUrl":"https:\/\/fuarhaber.online\/wp-content\/uploads\/2025\/06\/fuarhaber-logo.webp","width":696,"height":696,"caption":"Fuar Haber"},"image":{"@id":"https:\/\/fuarhaber.online\/#\/schema\/logo\/image\/"}},{"@type":"Person","@id":"https:\/\/fuarhaber.online\/#\/schema\/person\/f26d56ae185f63cce0ec5bec50597984","name":"admin","image":{"@type":"ImageObject","inLanguage":"en-US","@id":"https:\/\/secure.gravatar.com\/avatar\/d5d443df2bf415262c73aa08eee07f704b75e0c58db8037ab36a5fefd5c893cf?s=96&d=mm&r=g","url":"https:\/\/secure.gravatar.com\/avatar\/d5d443df2bf415262c73aa08eee07f704b75e0c58db8037ab36a5fefd5c893cf?s=96&d=mm&r=g","contentUrl":"https:\/\/secure.gravatar.com\/avatar\/d5d443df2bf415262c73aa08eee07f704b75e0c58db8037ab36a5fefd5c893cf?s=96&d=mm&r=g","caption":"admin"},"sameAs":["https:\/\/fuarhaber.online"],"url":"https:\/\/fuarhaber.online\/en\/author\/259164pwpadmin\/"}]}},"_links":{"self":[{"href":"https:\/\/fuarhaber.online\/en\/wp-json\/wp\/v2\/posts\/378","targetHints":{"allow":["GET"]}}],"collection":[{"href":"https:\/\/fuarhaber.online\/en\/wp-json\/wp\/v2\/posts"}],"about":[{"href":"https:\/\/fuarhaber.online\/en\/wp-json\/wp\/v2\/types\/post"}],"author":[{"embeddable":true,"href":"https:\/\/fuarhaber.online\/en\/wp-json\/wp\/v2\/users\/1"}],"replies":[{"embeddable":true,"href":"https:\/\/fuarhaber.online\/en\/wp-json\/wp\/v2\/comments?post=378"}],"version-history":[{"count":1,"href":"https:\/\/fuarhaber.online\/en\/wp-json\/wp\/v2\/posts\/378\/revisions"}],"predecessor-version":[{"id":380,"href":"https:\/\/fuarhaber.online\/en\/wp-json\/wp\/v2\/posts\/378\/revisions\/380"}],"wp:featuredmedia":[{"embeddable":true,"href":"https:\/\/fuarhaber.online\/en\/wp-json\/wp\/v2\/media\/379"}],"wp:attachment":[{"href":"https:\/\/fuarhaber.online\/en\/wp-json\/wp\/v2\/media?parent=378"}],"wp:term":[{"taxonomy":"category","embeddable":true,"href":"https:\/\/fuarhaber.online\/en\/wp-json\/wp\/v2\/categories?post=378"},{"taxonomy":"post_tag","embeddable":true,"href":"https:\/\/fuarhaber.online\/en\/wp-json\/wp\/v2\/tags?post=378"}],"curies":[{"name":"wp","href":"https:\/\/api.w.org\/{rel}","templated":true}]}}